{"id":980,"date":"2025-07-29T19:47:54","date_gmt":"2025-07-29T22:47:54","guid":{"rendered":"https:\/\/triplexvermelho.praxis.pro.br\/?p=980"},"modified":"2025-07-29T19:47:54","modified_gmt":"2025-07-29T22:47:54","slug":"em-26-de-julho-se-comemora-o-dia-nacional-da-rebeldia-cubana","status":"publish","type":"post","link":"https:\/\/triplexvermelho.praxis.pro.br\/index.php\/2025\/07\/29\/em-26-de-julho-se-comemora-o-dia-nacional-da-rebeldia-cubana\/","title":{"rendered":"Em 26 de Julho se comemora o Dia Nacional da Rebeldia Cubana"},"content":{"rendered":"<p><img loading=\"lazy\" decoding=\"async\" class=\"alignnone size-large wp-image-981\" src=\"https:\/\/triplexvermelho.praxis.pro.br\/wp-content\/uploads\/2025\/07\/3364f809-8f3c-4b9a-b783-5e2b492c2866-1024x1024.jpeg\" alt=\"\" width=\"780\" height=\"780\" srcset=\"https:\/\/triplexvermelho.praxis.pro.br\/wp-content\/uploads\/2025\/07\/3364f809-8f3c-4b9a-b783-5e2b492c2866-1024x1024.jpeg 1024w, https:\/\/triplexvermelho.praxis.pro.br\/wp-content\/uploads\/2025\/07\/3364f809-8f3c-4b9a-b783-5e2b492c2866-300x300.jpeg 300w, https:\/\/triplexvermelho.praxis.pro.br\/wp-content\/uploads\/2025\/07\/3364f809-8f3c-4b9a-b783-5e2b492c2866-150x150.jpeg 150w, https:\/\/triplexvermelho.praxis.pro.br\/wp-content\/uploads\/2025\/07\/3364f809-8f3c-4b9a-b783-5e2b492c2866-768x768.jpeg 768w, https:\/\/triplexvermelho.praxis.pro.br\/wp-content\/uploads\/2025\/07\/3364f809-8f3c-4b9a-b783-5e2b492c2866-1536x1536.jpeg 1536w, https:\/\/triplexvermelho.praxis.pro.br\/wp-content\/uploads\/2025\/07\/3364f809-8f3c-4b9a-b783-5e2b492c2866-200x200.jpeg 200w, https:\/\/triplexvermelho.praxis.pro.br\/wp-content\/uploads\/2025\/07\/3364f809-8f3c-4b9a-b783-5e2b492c2866-100x100.jpeg 100w, https:\/\/triplexvermelho.praxis.pro.br\/wp-content\/uploads\/2025\/07\/3364f809-8f3c-4b9a-b783-5e2b492c2866-40x40.jpeg 40w, https:\/\/triplexvermelho.praxis.pro.br\/wp-content\/uploads\/2025\/07\/3364f809-8f3c-4b9a-b783-5e2b492c2866.jpeg 1580w\" sizes=\"auto, (max-width: 780px) 100vw, 780px\" \/><\/p>\n<p>Venha comemorar no Centro Cultural Triplex, com bebidas t\u00edpicas, document\u00e1rio, m\u00fasicas e debate-papos.<\/p>\n<p>A data remete ao ataque ao quartel Moncada, ocorrido em 1953. Ainda que a a\u00e7\u00e3o militar n\u00e3o tenha atingido o seu objetivo, ela marcaria o in\u00edcio de uma etapa fundamental da Revolu\u00e7\u00e3o, considerando que foi o meio pelo qual Cuba retomou o seu processo de luta revolucion\u00e1ria, iniciado por Antonio Maceo, Jos\u00e9 Mart\u00ed e tantos outros her\u00f3is da p\u00e1tria Cubana.<\/p>\n<p>#cuba #triplexvermelho #rebeldiacubana<\/p>\n","protected":false},"excerpt":{"rendered":"<p>Venha comemorar no Centro Cultural Triplex, com bebidas t\u00edpicas, document\u00e1rio, m\u00fasicas e debate-papos. A data remete ao ataque ao quartel Moncada, ocorrido em 1953. Ainda que a a\u00e7\u00e3o militar n\u00e3o tenha atingido o seu objetivo, ela marcaria o in\u00edcio de uma etapa fundamental da Revolu\u00e7\u00e3o, considerando que foi o meio pelo qual Cuba retomou o <a class=\"more-link\" href=\"https:\/\/triplexvermelho.praxis.pro.br\/index.php\/2025\/07\/29\/em-26-de-julho-se-comemora-o-dia-nacional-da-rebeldia-cubana\/\">Leia mais&#8230; &raquo;<\/a><\/p>\n","protected":false},"author":1,"featured_media":981,"comment_status":"open","ping_status":"open","sticky":false,"template":"","format":"standard","meta":{"footnotes":""},"categories":[1],"tags":[],"class_list":["post-980","post","type-post","status-publish","format-standard","has-post-thumbnail","hentry","category-sem-categoria"],"_links":{"self":[{"href":"https:\/\/triplexvermelho.praxis.pro.br\/index.php\/wp-json\/wp\/v2\/posts\/980","targetHints":{"allow":["GET"]}}],"collection":[{"href":"https:\/\/triplexvermelho.praxis.pro.br\/index.php\/wp-json\/wp\/v2\/posts"}],"about":[{"href":"https:\/\/triplexvermelho.praxis.pro.br\/index.php\/wp-json\/wp\/v2\/types\/post"}],"author":[{"embeddable":true,"href":"https:\/\/triplexvermelho.praxis.pro.br\/index.php\/wp-json\/wp\/v2\/users\/1"}],"replies":[{"embeddable":true,"href":"https:\/\/triplexvermelho.praxis.pro.br\/index.php\/wp-json\/wp\/v2\/comments?post=980"}],"version-history":[{"count":1,"href":"https:\/\/triplexvermelho.praxis.pro.br\/index.php\/wp-json\/wp\/v2\/posts\/980\/revisions"}],"predecessor-version":[{"id":982,"href":"https:\/\/triplexvermelho.praxis.pro.br\/index.php\/wp-json\/wp\/v2\/posts\/980\/revisions\/982"}],"wp:featuredmedia":[{"embeddable":true,"href":"https:\/\/triplexvermelho.praxis.pro.br\/index.php\/wp-json\/wp\/v2\/media\/981"}],"wp:attachment":[{"href":"https:\/\/triplexvermelho.praxis.pro.br\/index.php\/wp-json\/wp\/v2\/media?parent=980"}],"wp:term":[{"taxonomy":"category","embeddable":true,"href":"https:\/\/triplexvermelho.praxis.pro.br\/index.php\/wp-json\/wp\/v2\/categories?post=980"},{"taxonomy":"post_tag","embeddable":true,"href":"https:\/\/triplexvermelho.praxis.pro.br\/index.php\/wp-json\/wp\/v2\/tags?post=980"}],"curies":[{"name":"wp","href":"https:\/\/api.w.org\/{rel}","templated":true}]}}