{"id":550,"date":"2023-04-22T11:57:24","date_gmt":"2023-04-22T14:57:24","guid":{"rendered":""},"modified":"2023-04-22T11:57:24","modified_gmt":"2023-04-22T14:57:24","slug":"nome550","status":"publish","type":"post","link":"https:\/\/triplexvermelho.praxis.pro.br\/index.php\/2023\/04\/22\/nome550\/","title":{"rendered":"Plen\u00e1ria do F\u00f3rum Capixaba em Defesa da Sa\u00fade P\u00fablica &#8211; 27\/04\/2023 &#8211; 19:00"},"content":{"rendered":"<p><b><\/p>\n<h1>Centro Cultural Triplex Vermelho &#8211; Convida:<\/h1>\n<p><\/b><\/p>\n<hr\/>\n<h3><b>Evento:<\/b> Plen\u00e1ria do F\u00f3rum Capixaba em Defesa da Sa\u00fade P\u00fablica.<\/p>\n<p><b>Data:<\/b> 27\/04\/2023<b> de <\/b> 19:00 <b> at&eacute; <\/b>22:00.<\/h3>\n<hr\/>\n<p> <div id=\"attachment_290\" style=\"width: 790px\" class=\"wp-caption alignnone\"><img loading=\"lazy\" decoding=\"async\" aria-describedby=\"caption-attachment-290\" class=\"alignnone size-large wp-image-290\" src=\"https:\/\/www.acinformatica.com.br\/TriplexConvida255.png\"   width=\"780\" height=\"780\" \/><p id=\"caption-attachment-290\" class=\"wp-caption-text\">Triplex Vermelho<\/p><\/div><br \/>#triplexvermelho #centroculturatriplexvermelho #cultura #esp\u00edritosanto #arte<\/p>\n","protected":false},"excerpt":{"rendered":"<p>Centro Cultural Triplex Vermelho &#8211; Convida: Evento: Plen\u00e1ria do F\u00f3rum Capixaba em Defesa da Sa\u00fade P\u00fablica. Data: 27\/04\/2023 de 19:00 at&eacute; 22:00. #triplexvermelho #centroculturatriplexvermelho #cultura #esp\u00edritosanto #arte<\/p>\n","protected":false},"author":1,"featured_media":299,"comment_status":"open","ping_status":"open","sticky":false,"template":"","format":"standard","meta":{"footnotes":""},"categories":[],"tags":[],"class_list":["post-550","post","type-post","status-publish","format-standard","has-post-thumbnail","hentry"],"_links":{"self":[{"href":"https:\/\/triplexvermelho.praxis.pro.br\/index.php\/wp-json\/wp\/v2\/posts\/550","targetHints":{"allow":["GET"]}}],"collection":[{"href":"https:\/\/triplexvermelho.praxis.pro.br\/index.php\/wp-json\/wp\/v2\/posts"}],"about":[{"href":"https:\/\/triplexvermelho.praxis.pro.br\/index.php\/wp-json\/wp\/v2\/types\/post"}],"author":[{"embeddable":true,"href":"https:\/\/triplexvermelho.praxis.pro.br\/index.php\/wp-json\/wp\/v2\/users\/1"}],"replies":[{"embeddable":true,"href":"https:\/\/triplexvermelho.praxis.pro.br\/index.php\/wp-json\/wp\/v2\/comments?post=550"}],"version-history":[{"count":0,"href":"https:\/\/triplexvermelho.praxis.pro.br\/index.php\/wp-json\/wp\/v2\/posts\/550\/revisions"}],"wp:featuredmedia":[{"embeddable":true,"href":"https:\/\/triplexvermelho.praxis.pro.br\/index.php\/wp-json\/wp\/v2\/media\/299"}],"wp:attachment":[{"href":"https:\/\/triplexvermelho.praxis.pro.br\/index.php\/wp-json\/wp\/v2\/media?parent=550"}],"wp:term":[{"taxonomy":"category","embeddable":true,"href":"https:\/\/triplexvermelho.praxis.pro.br\/index.php\/wp-json\/wp\/v2\/categories?post=550"},{"taxonomy":"post_tag","embeddable":true,"href":"https:\/\/triplexvermelho.praxis.pro.br\/index.php\/wp-json\/wp\/v2\/tags?post=550"}],"curies":[{"name":"wp","href":"https:\/\/api.w.org\/{rel}","templated":true}]}}